{"id":70,"date":"2026-02-20T14:50:07","date_gmt":"2026-02-20T14:50:07","guid":{"rendered":"https:\/\/www.jeancattan.fr\/blog\/?p=70"},"modified":"2026-02-20T14:57:04","modified_gmt":"2026-02-20T14:57:04","slug":"omnibus-numerique-nous-ne-sommes-pas-une-monnaie-dechange-sur-le-marche-de-la-soumission-aux-etats-unis","status":"publish","type":"post","link":"https:\/\/www.jeancattan.fr\/blog\/?p=70","title":{"rendered":"Omnibus num\u00e9rique\u00a0: nous ne sommes pas une monnaie d\u2019\u00e9change sur le march\u00e9 de la soumission aux Etats-Unis"},"content":{"rendered":"\n<p>Omnibus. Un terme cens\u00e9 rimer avec simplification du droit europ\u00e9en mais qui rime plut\u00f4t avec vassalisation des Europ\u00e9ens. Une des premi\u00e8res volont\u00e9s de Draghi et de <a href=\"https:\/\/commission.europa.eu\/document\/download\/97e481fd-2dc3-412d-be4c-f152a8232961_fr?filename=The%20Draghi%20report%20A%20competitiveness%20strategy%20for%20Europe%20%28Part%20A%29-FR.pdf\">son funeste rapport<\/a>, sur lesquels nous allons devoir travailler pour remettre la conversation collective sur des rails un peu plus cens\u00e9s.<\/p>\n\n\n\n<p>L&rsquo;objectif affich\u00e9 de <a href=\"https:\/\/eur-lex.europa.eu\/legal-content\/FR\/TXT\/HTML\/?uri=CELEX:52025PC0837\">l&rsquo;Omnibus num\u00e9rique<\/a> est de nettoyer les textes sur les donn\u00e9es, mais le r\u00e9sultat est une inflation l\u00e9gislative construite sur des textes qui, disons-le franchement, \u00e9taient plut\u00f4t du genre ni faits ni \u00e0 faire. A aucun moment le <em>data act<\/em>, le <em>data governance act<\/em> et consorts n\u2019ont apport\u00e9 satisfaction \u00e0 qui que ce soit. Les tripatouiller pour s\u2019occuper et perdre du temps est finalement plus un probl\u00e8me pour ce que cela nous emp\u00eache de faire par ailleurs que pour ce que cela change en r\u00e9alit\u00e9.<\/p>\n\n\n\n<p>R\u00e9cemment, je suis intervenu dans <a href=\"https:\/\/www.youtube.com\/watch?v=rlvVBbBkMRU\">une conf\u00e9rence<\/a> o\u00f9 un repr\u00e9sentant d\u2019Amazon entendait faire de la rh\u00e9torique en demandant \u00e0 l\u2019audience combien il y avait d\u2019articles dans l\u2019AI Act. Comme si cela allait l\u2019aider \u00e0 d\u00e9montrer qu\u2019il ne fallait pas r\u00e9guler l\u2019IA et que tout cela \u00e9tait bien trop compliqu\u00e9. Alors que pr\u00e9cis\u00e9ment, c\u2019est quand on veut permettre une activit\u00e9 et s\u2019assurer de sa viabilit\u00e9 qu\u2019il faut \u00e9crire de nombreux articles. Pour interdire une activit\u00e9, vous n\u2019avez besoin que d\u2019un article. Et pour emp\u00eacher tous les acteurs sauf un d\u2019exister, c\u2019est encore plus simple il suffit de laisser-faire.<\/p>\n\n\n\n<figure class=\"wp-block-embed is-type-video is-provider-youtube wp-block-embed-youtube wp-embed-aspect-16-9 wp-has-aspect-ratio\"><div class=\"wp-block-embed__wrapper\">\n<iframe loading=\"lazy\" title=\"IA et soci\u00e9t\u00e9 : comment rendre la technologie accessible \u00e0 tous | AIM 2025\" width=\"500\" height=\"281\" src=\"https:\/\/www.youtube.com\/embed\/rlvVBbBkMRU?feature=oembed\" frameborder=\"0\" allow=\"accelerometer; autoplay; clipboard-write; encrypted-media; gyroscope; picture-in-picture; web-share\" referrerpolicy=\"strict-origin-when-cross-origin\" allowfullscreen><\/iframe>\n<\/div><\/figure>\n\n\n\n<p>Ici ces pourfendeurs des textes trop longs et illisibles doivent \u00eatre particuli\u00e8rement satisfaits avec des articles 32 \u00ab&nbsp;sexvicies \u00bb ou \u00ab&nbsp;novovicies \u00bb. \u00ab&nbsp;Pas mal, non ? C\u2019est fran\u00e7ais&nbsp;!&nbsp;\u00bb Mais c\u2019est surtout rarement vu comme niveau de complexit\u00e9.<\/p>\n\n\n\n<figure class=\"wp-block-image size-large\"><img loading=\"lazy\" decoding=\"async\" width=\"1024\" height=\"659\" src=\"https:\/\/www.jeancattan.fr\/blog\/wp-content\/uploads\/2026\/02\/Capture-decran-2026-02-20-a-15.22.17-1024x659.png\" alt=\"\" class=\"wp-image-73\" srcset=\"https:\/\/www.jeancattan.fr\/blog\/wp-content\/uploads\/2026\/02\/Capture-decran-2026-02-20-a-15.22.17-1024x659.png 1024w, https:\/\/www.jeancattan.fr\/blog\/wp-content\/uploads\/2026\/02\/Capture-decran-2026-02-20-a-15.22.17-300x193.png 300w, https:\/\/www.jeancattan.fr\/blog\/wp-content\/uploads\/2026\/02\/Capture-decran-2026-02-20-a-15.22.17-768x494.png 768w, https:\/\/www.jeancattan.fr\/blog\/wp-content\/uploads\/2026\/02\/Capture-decran-2026-02-20-a-15.22.17.png 1066w\" sizes=\"auto, (max-width: 1024px) 100vw, 1024px\" \/><\/figure>\n\n\n\n<p>Tout cela serait presque risible si le plus grave n\u2019\u00e9tait pas dans le corps m\u00eame du texte.<\/p>\n\n\n\n<h2 class=\"wp-block-heading\"><strong>Open bar pour les IA, l\u2019Histoire s\u2019en souviendra.<\/strong><\/h2>\n\n\n\n<p>Car le v\u00e9ritable effet de l&rsquo;omnibus s&rsquo;il est adopt\u00e9 en l&rsquo;\u00e9tat ne sera probablement pas de simplifier la vie des PME europ\u00e9ennes, mais de mettre nos donn\u00e9es personnelles aux mains des Big AI.<\/p>\n\n\n\n<p>Ce texte, c&rsquo;est un open bar pour l\u2019intelligence artificielle. Sous couvert d&rsquo;innovation, la Commission d\u00e9roule le tapis rouge aux Big AI. L&rsquo;introduction de nouveaux articles, comme l\u2019article 88 quater, confirme le possible traitement de donn\u00e9es personnelles pour le d\u00e9veloppement de syst\u00e8mes d&rsquo;IA sur la base d&rsquo;un simple \u00ab int\u00e9r\u00eat l\u00e9gitime \u00bb. En clair ? Ils pourront exploiter nos donn\u00e9es pour entra\u00eener leurs mod\u00e8les. <\/p>\n\n\n\n<figure class=\"wp-block-image size-large\"><img loading=\"lazy\" decoding=\"async\" width=\"1024\" height=\"927\" src=\"https:\/\/www.jeancattan.fr\/blog\/wp-content\/uploads\/2026\/02\/Capture-decran-2026-02-20-a-15.24.07-1024x927.png\" alt=\"\" class=\"wp-image-74\" srcset=\"https:\/\/www.jeancattan.fr\/blog\/wp-content\/uploads\/2026\/02\/Capture-decran-2026-02-20-a-15.24.07-1024x927.png 1024w, https:\/\/www.jeancattan.fr\/blog\/wp-content\/uploads\/2026\/02\/Capture-decran-2026-02-20-a-15.24.07-300x272.png 300w, https:\/\/www.jeancattan.fr\/blog\/wp-content\/uploads\/2026\/02\/Capture-decran-2026-02-20-a-15.24.07-768x696.png 768w, https:\/\/www.jeancattan.fr\/blog\/wp-content\/uploads\/2026\/02\/Capture-decran-2026-02-20-a-15.24.07.png 1082w\" sizes=\"auto, (max-width: 1024px) 100vw, 1024px\" \/><\/figure>\n\n\n\n<p>Rien de nouveau diront certains, c\u2019est en effet il me semble la cons\u00e9cration de la politique du \u00ab fait accompli \u00bb et de l\u2019opt-out (le droit de s&rsquo;opposer a posteriori), une logique que le CEPD (le contr\u00f4leur europ\u00e9en) a malheureusement valid\u00e9 depuis ses <a href=\"https:\/\/www.edpb.europa.eu\/news\/news\/2024\/edpb-opinion-ai-models-gdpr-principles-support-responsible-ai_en\">avis de 2024 sur l&rsquo;int\u00e9r\u00eat g\u00e9n\u00e9ral et l&rsquo;IA<\/a>. Au lieu de prot\u00e9ger les citoyens par d\u00e9faut, on nous demande de nous battre pour sortir d&rsquo;un syst\u00e8me qui nous a d\u00e9j\u00e0 absorb\u00e9s. Et c&rsquo;est exactement la logique dont a pu b\u00e9n\u00e9ficier LinkedIn par exemple et que j&rsquo;avais <a href=\"https:\/\/www.linkedin.com\/posts\/activity-7391115198071246848-DKo4?utm_source=share&amp;utm_medium=member_desktop&amp;rcm=ACoAABOQH20Bdg0g7SXELq8nwbLVvHFnYKB_iS0\">d\u00e9nonc\u00e9<\/a> avant d&rsquo;arr\u00eater de publier sur ce r\u00e9seau. <\/p>\n\n\n\n<p>Ce qui se joue l\u00e0, c&rsquo;est une soumission consciente et coh\u00e9rente aux int\u00e9r\u00eats am\u00e9ricains, \u00e0 l&rsquo;heure o\u00f9 le pouvoir \u00e0 Washington se radicalise.<\/p>\n\n\n\n<p>Comme le soulignait l&rsquo;historien <a href=\"https:\/\/www.radiofrance.fr\/franceculture\/podcasts\/questions-du-soir-le-debat\/les-annees-30-nous-aveuglent-elles-8094566\">Johann Chapoutot<\/a>, il ne faut pas parler de \u00ab\u00a0retour\u00a0\u00bb des ann\u00e9es 30 comme d&rsquo;une \u00ab\u00a0fatalit\u00e9\u00a0\u00bb aveuglante, mais de \u00ab\u00a0r\u00e9cidive\u00a0\u00bb. Il y a, de la part de la Commission, une soumission consciente des Europ\u00e9ens au pouvoir US . Ceux qui signeraient ces textes demain rejoindraient ceux qui acceptent aujourd&rsquo;hui que l&rsquo;Europe aille \u00e0 gaza faire all\u00e9geance \u00e0 Washington contre l&rsquo;avis des \u00c9tats membres. Ils devront r\u00e9pondre de ce qui a bien \u00e9t\u00e9 identifi\u00e9 par la France comme une <a href=\"https:\/\/www.ouest-france.fr\/politique\/jean-noel-barrot\/la-commission-europeenne-naurait-jamais-du-assister-au-conseil-de-paix-de-donald-trump-fustige-jean-noel-barrot-6f4d1a2e-0dc8-11f1-b839-4d59eb76df60\">faute<\/a>.<\/p>\n\n\n\n<h2 class=\"wp-block-heading\"><strong>Si une chose \u00e9tait \u00e0 sauver : le respect automatique de notre consentement<\/strong><\/h2>\n\n\n\n<p>Tout est-il \u00e0 jeter cependant\u00a0? Pas tout \u00e0 fait. Dans cette pataugeoire, l\u2019article 88 ter, et peut-\u00eatre parmi d&rsquo;autres choses, semble int\u00e9ressant. <\/p>\n\n\n\n<figure class=\"wp-block-image size-full\"><img loading=\"lazy\" decoding=\"async\" width=\"918\" height=\"906\" src=\"https:\/\/www.jeancattan.fr\/blog\/wp-content\/uploads\/2026\/02\/Capture-decran-2026-02-20-a-15.31.22.png\" alt=\"\" class=\"wp-image-78\" srcset=\"https:\/\/www.jeancattan.fr\/blog\/wp-content\/uploads\/2026\/02\/Capture-decran-2026-02-20-a-15.31.22.png 918w, https:\/\/www.jeancattan.fr\/blog\/wp-content\/uploads\/2026\/02\/Capture-decran-2026-02-20-a-15.31.22-300x296.png 300w, https:\/\/www.jeancattan.fr\/blog\/wp-content\/uploads\/2026\/02\/Capture-decran-2026-02-20-a-15.31.22-768x758.png 768w\" sizes=\"auto, (max-width: 918px) 100vw, 918px\" \/><\/figure>\n\n\n\n<p>Je suis bien s\u00fbr pr\u00eat \u00e0 \u00eatre contredit, c&rsquo;est une premi\u00e8re analyse. Mais cet article propose l&rsquo;automatisation du consentement et surtout du refus de consentement. L&rsquo;id\u00e9e est que nos navigateurs et nos terminaux puissent dire une bonne fois pour toute ce \u00e0 quoi nous consentons ou non aux traceurs publicitaires, sans qu&rsquo;on ait \u00e0 cliquer sur \u00ab Refuser \u00bb trois cents fois par jour.<\/p>\n\n\n\n<p>C&rsquo;est la seule avanc\u00e9e tangible pour les droits des utilisateurs. Mais attention\u00a0: pour qu&rsquo;elle soit efficace, cete mesure ne doit pas \u00eatre d\u00e9voy\u00e9e. Il faut la modifier profond\u00e9ment en tenant compte par exemple des <a href=\"https:\/\/noyb.eu\/sites\/default\/files\/2025-12\/noyb%20Digital%20Omnibus%20Report%20V1.pdf\">am\u00e9liorations techniques et juridiques propos\u00e9es par noyb <\/a>(l&rsquo;association de Max Schrems). Sans de tels garde-fous, m\u00eame cette bonne id\u00e9e pourrait nous revenir comme un boomerang.<\/p>\n\n\n\n<figure class=\"wp-block-image size-large\"><img loading=\"lazy\" decoding=\"async\" width=\"1024\" height=\"565\" src=\"https:\/\/www.jeancattan.fr\/blog\/wp-content\/uploads\/2026\/02\/Capture-decran-2026-02-20-a-15.34.35-1024x565.png\" alt=\"\" class=\"wp-image-79\" srcset=\"https:\/\/www.jeancattan.fr\/blog\/wp-content\/uploads\/2026\/02\/Capture-decran-2026-02-20-a-15.34.35-1024x565.png 1024w, https:\/\/www.jeancattan.fr\/blog\/wp-content\/uploads\/2026\/02\/Capture-decran-2026-02-20-a-15.34.35-300x166.png 300w, https:\/\/www.jeancattan.fr\/blog\/wp-content\/uploads\/2026\/02\/Capture-decran-2026-02-20-a-15.34.35-768x424.png 768w, https:\/\/www.jeancattan.fr\/blog\/wp-content\/uploads\/2026\/02\/Capture-decran-2026-02-20-a-15.34.35.png 1134w\" sizes=\"auto, (max-width: 1024px) 100vw, 1024px\" \/><\/figure>\n\n\n\n<p>Petit retour en arri\u00e8re pour comprendre le chemin que nous proposons de suivre au sujet de l\u2019omnibus pour les mois \u00e0 venir\u00a0: en 2013, Neelie Kroes avait propos\u00e9 un <a href=\"https:\/\/eur-lex.europa.eu\/legal-content\/FR\/TXT\/HTML\/?uri=CELEX:52013PC0627\">tr\u00e8s mauvais texte pour cr\u00e9er un march\u00e9 unique du num\u00e9rique<\/a> (m\u00eame marotte que Draghi 10 ans plus tard). Ce texte a enti\u00e8rement \u00e9t\u00e9 d\u00e9tricot\u00e9 jusqu\u2019\u00e0 le limiter \u00e0 deux victoires pour les citoyens\u00a0: la fin des frais de roaming et la <a href=\"https:\/\/eur-lex.europa.eu\/legal-content\/FR\/TXT\/HTML\/?uri=CELEX:32015R2120\">neutralit\u00e9 du net<\/a>. <\/p>\n\n\n\n<p>Nous pouvons reprendre cette strat\u00e9gie pour l\u2019appliquer \u00e0 l\u2019omnibus\u00a0: extraire d\u2019un mauvais texte les quelques mesures sur lesquelles nous sommes pr\u00eats \u00e0 travailler dans l\u2019int\u00e9r\u00eat des citoyens europ\u00e9ens, et non pas contre eux.<\/p>\n\n\n\n<p>Sinon l&rsquo;Omnibus ne sera jamais un acte de simplification, ce ne sera qu\u2019un acte de vente. Et nous ne sommes pas \u00e0 vendre.<\/p>\n","protected":false},"excerpt":{"rendered":"<p>[&#8230;] le v\u00e9ritable effet de l&rsquo;omnibus s&rsquo;il est adopt\u00e9 en l&rsquo;\u00e9tat ne sera probablement pas de simplifier la vie des PME europ\u00e9ennes, mais de mettre nos donn\u00e9es personnelles aux mains des Big AI.<\/p>\n<p>Ce texte, c&rsquo;est un open bar pour l\u2019intelligence artificielle. Sous couvert d&rsquo;innovation, la Commission d\u00e9roule le tapis rouge aux Big AI. L&rsquo;introduction de nouveaux articles, comme l\u2019article 88 quater, confirme le possible traitement de donn\u00e9es personnelles pour le d\u00e9veloppement de syst\u00e8mes d&rsquo;IA sur la base d&rsquo;un simple \u00ab int\u00e9r\u00eat l\u00e9gitime \u00bb. En clair ? Ils pourront librement exploiter nos donn\u00e9es pour entra\u00eener leurs mod\u00e8les.<\/p>\n","protected":false},"author":1,"featured_media":84,"comment_status":"closed","ping_status":"open","sticky":false,"template":"","format":"standard","meta":{"advanced_seo_description":"","jetpack_seo_html_title":"","jetpack_seo_noindex":false,"_jetpack_memberships_contains_paid_content":false,"footnotes":""},"categories":[1],"tags":[],"class_list":["post-70","post","type-post","status-publish","format-standard","has-post-thumbnail","hentry","category-uncategorized"],"jetpack_featured_media_url":"https:\/\/www.jeancattan.fr\/blog\/wp-content\/uploads\/2026\/02\/397124995_8959f6e791_k.jpg","jetpack_sharing_enabled":true,"_links":{"self":[{"href":"https:\/\/www.jeancattan.fr\/blog\/index.php?rest_route=\/wp\/v2\/posts\/70","targetHints":{"allow":["GET"]}}],"collection":[{"href":"https:\/\/www.jeancattan.fr\/blog\/index.php?rest_route=\/wp\/v2\/posts"}],"about":[{"href":"https:\/\/www.jeancattan.fr\/blog\/index.php?rest_route=\/wp\/v2\/types\/post"}],"author":[{"embeddable":true,"href":"https:\/\/www.jeancattan.fr\/blog\/index.php?rest_route=\/wp\/v2\/users\/1"}],"replies":[{"embeddable":true,"href":"https:\/\/www.jeancattan.fr\/blog\/index.php?rest_route=%2Fwp%2Fv2%2Fcomments&post=70"}],"version-history":[{"count":9,"href":"https:\/\/www.jeancattan.fr\/blog\/index.php?rest_route=\/wp\/v2\/posts\/70\/revisions"}],"predecessor-version":[{"id":86,"href":"https:\/\/www.jeancattan.fr\/blog\/index.php?rest_route=\/wp\/v2\/posts\/70\/revisions\/86"}],"wp:featuredmedia":[{"embeddable":true,"href":"https:\/\/www.jeancattan.fr\/blog\/index.php?rest_route=\/wp\/v2\/media\/84"}],"wp:attachment":[{"href":"https:\/\/www.jeancattan.fr\/blog\/index.php?rest_route=%2Fwp%2Fv2%2Fmedia&parent=70"}],"wp:term":[{"taxonomy":"category","embeddable":true,"href":"https:\/\/www.jeancattan.fr\/blog\/index.php?rest_route=%2Fwp%2Fv2%2Fcategories&post=70"},{"taxonomy":"post_tag","embeddable":true,"href":"https:\/\/www.jeancattan.fr\/blog\/index.php?rest_route=%2Fwp%2Fv2%2Ftags&post=70"}],"curies":[{"name":"wp","href":"https:\/\/api.w.org\/{rel}","templated":true}]}}