{"id":386,"date":"2026-04-23T13:31:19","date_gmt":"2026-04-23T13:31:19","guid":{"rendered":"https:\/\/www.jeancattan.fr\/blog\/?p=386"},"modified":"2026-04-23T13:31:43","modified_gmt":"2026-04-23T13:31:43","slug":"x-porte-etendard-du-pluralisme-algorithmique","status":"publish","type":"post","link":"https:\/\/www.jeancattan.fr\/blog\/?p=386","title":{"rendered":"X\u00a0: porte-\u00e9tendard du pluralisme algorithmique\u00a0?"},"content":{"rendered":"\n<p id=\"ember53\">Pour ses abonn\u00e9s, X a <a href=\"https:\/\/x.com\/nikitabier\/status\/2046736181002645520?s=46&amp;t=G5GpVmWueeSutpoivvyp4w\">sorti une fonctionnalit\u00e9<\/a> que vous pouvez d\u00e9j\u00e0 retrouver depuis longtemps sur Bluesky et pour laquelle on a souvent plaid\u00e9 avec celles et ceux qui ont d\u00e9fendu le pluralisme algorithmique (ping <a href=\"https:\/\/www.linkedin.com\/in\/anne-alombert-27433130b\/\">Anne Alombert<\/a>, <a href=\"https:\/\/www.linkedin.com\/in\/s%C3%A9bastien-soriano-672181\/\">S\u00e9bastien Soriano<\/a>, <a href=\"https:\/\/www.linkedin.com\/in\/marc-faddoul\/\">Marc Faddoul<\/a>, <a href=\"https:\/\/www.linkedin.com\/in\/c%C3%A9lia-zolynski-367464b3\/\">C\u00e9lia Zolynski<\/a> et tant d&rsquo;autres ici dans <a href=\"https:\/\/www.lemonde.fr\/idees\/article\/2024\/09\/25\/pour-le-pluralisme-algorithmique_6332830_3232.html\">cette tribune<\/a>)&nbsp;: pouvoir choisir ce que vous voyez sur les r\u00e9seaux qui b\u00e9n\u00e9ficient de tr\u00e8s forts effets de r\u00e9seau.<\/p>\n\n\n\n<h2 class=\"wp-block-heading\" id=\"ember58\">Contr\u00f4ler les id\u00e9es<\/h2>\n\n\n\n<p id=\"ember59\">L&rsquo;approche choisie par X est th\u00e9matique et contr\u00f4l\u00e9e par une entreprise fonctionnant selon un syst\u00e8me centralis\u00e9 et ferm\u00e9. Les flux seront g\u00e9r\u00e9s par une IA maison pour le moins probl\u00e9matique. Donc c\u2019est pour ainsi dire rien par rapport \u00e0 ce qui peut \u00eatre exig\u00e9 pour notre bien \u00e0 toutes et tous. Mais c&rsquo;est d\u00e9j\u00e0 quelque chose, car cela montre combien, \u00e0 chaque fois qu&rsquo;il nous est dit que nos propositions ne sont pas raisonnables, en r\u00e9alit\u00e9, elles le sont bien. Le risque est que, si les autorit\u00e9s ne posent pas le cadre pour leur apparition, les plateformes vont s\u2019en saisir pour les d\u00e9grader. Comme c\u2019est le cas ici. Cela montre aussi \u00e0 quel point les d\u00e9cisions d&rsquo;innover sur telle ou telle plateforme rel\u00e8vent de l&rsquo;arbitraire de ces plateformes.<\/p>\n\n\n\n<p id=\"ember60\">Si bien qu&rsquo;aujourd&rsquo;hui nous sommes tous enferm\u00e9s dans des mod\u00e8les o\u00f9 seules quelques personnes peuvent d\u00e9cider des id\u00e9es qui sont bonnes \u00e0 donner \u00e0 voir au public.<\/p>\n\n\n\n<p id=\"ember61\">Sur cette plateforme-ci, c&rsquo;est exactement la m\u00eame chose (je pense toujours que c\u2019est une des pires qui existent et apr\u00e8s avoir \u00e9chang\u00e9 avec certaines personnes, j\u2019ai d\u00e9cid\u00e9 de m\u2019en servir contre elle au lieu de la boycotter)&nbsp;: la plateforme d\u00e9cide ce que vous voyez, c&rsquo;est elle qui d\u00e9cide vers quelle conversation vous amener. Et vous ne pouvez pas proposer de fonctionnalit\u00e9s alternatives, comme une fonction de recherche pertinente, par exemple. Ce qui est grave ici, c\u2019est que ce sont toutes nos vies professionnelles et nos carri\u00e8res qui sont au moins partiellement en jeu, sans compter le fait de savoir comment et sur quoi nous d\u00e9battons en soci\u00e9t\u00e9.<\/p>\n\n\n\n<p id=\"ember62\">Il faut se rendre compte qu\u2019aujourd\u2019hui quand vous n\u2019\u00eates pas vu sur LinkedIn, c\u2019est la d\u00e9cision de LinkedIn. Et c&rsquo;est LinkedIn qui vous propose ensuite de payer pour \u00eatre plus vu. C&rsquo;est-\u00e0-dire que le syst\u00e8me en place aujourd&rsquo;hui est con\u00e7u pour capter non seulement votre attention, mais aussi votre frustration (la mienne pour commencer) et votre argent. C&rsquo;est le m\u00eame principe que pour n&rsquo;importe quelle industrie du jeu en ligne ou du pari en ligne. C&rsquo;est fait pour faire cracher au bassinet et il y a un moment o\u00f9 on dit stop, surtout quand des questions d\u2019int\u00e9r\u00eat public sont en jeu.<\/p>\n\n\n\n<h2 class=\"wp-block-heading\" id=\"ember63\">Lib\u00e9rer les id\u00e9es<\/h2>\n\n\n\n<p id=\"ember64\">L&rsquo;histoire de toutes les techniques qui nous entourent montre la pertinence de ne pas laisser la personne qui contr\u00f4le une technologie d\u00e9cider des innovations susceptibles d&rsquo;\u00eatre d\u00e9ploy\u00e9es sur celle-ci. Ce n&rsquo;est pas une atteinte disproportionn\u00e9e \u00e0 la libert\u00e9 d&rsquo;entreprendre de dire \u00e7a. Au contraire, c&rsquo;est une lib\u00e9ration de la capacit\u00e9 du plus grand nombre \u00e0 agir et \u00e0 proposer des choses qui iront peut-\u00eatre davantage dans le sens de l&rsquo;int\u00e9r\u00eat g\u00e9n\u00e9ral. Je dis peut-\u00eatre, car, encore une fois, vous avez besoin d&rsquo;un cadre pour vous en assurer. Le cadre peut \u00eatre lib\u00e9rateur et b\u00e9n\u00e9fique, oui. C&rsquo;est peut-\u00eatre paradoxal \u00e0 premi\u00e8re vue, mais \u00e7a fonctionne comme \u00e7a dans de nombreux domaines de notre existence.<\/p>\n\n\n\n<p id=\"ember65\">Et ce n&rsquo;est pas conforter le pouvoir des Big Tech que de vouloir innover sur la base de leurs cr\u00e9ations ; c&rsquo;est, au contraire, leur prendre le pouvoir qu\u2019elles se sont donn\u00e9 en capitalisant sur nos richesses. Et nous avons toutes les raisons de penser que les capacit\u00e9s d&rsquo;innover pour enrichir notre environnement informationnel demain seront de plus en plus nombreuses et que la proposition de X est une mani\u00e8re de d&rsquo;anticiper les demandes qui viendront in\u00e9luctablement taper de plus en plus \u00e0 leur porte. Une porte qu&rsquo;ils gardent malgr\u00e9 nous ferm\u00e9e \u00e0 double tour depuis bien trop longtemps.<\/p>\n\n\n\n<h2 class=\"wp-block-heading\" id=\"ember66\">Journalistes, venez en discuter.<\/h2>\n\n\n\n<p id=\"ember67\">C&rsquo;est tout l&rsquo;enjeu de \u00ab\u00a0l&rsquo;interop\u00e9rabilit\u00e9 verticale\u00a0\u00bb que nous d\u00e9fendons, en compl\u00e9ment d&rsquo;autres rem\u00e8des comme l&rsquo;interop\u00e9rabilit\u00e9 horizontale ou la portabilit\u00e9, dans un rapport qui sortira la semaine prochaine sous la banni\u00e8re du Future of Tech Institute. Une fois cela dit, c\u2019est ensuite le travail de r\u00e9gulation de construire un environnement dans lequel, justement, des choses vont dans le bon sens. Car il n\u2019y a ni main invisible vertueuse ni technique magique.<\/p>\n\n\n\n<p id=\"ember68\">Alors que des enqu\u00eates p\u00e9nales sont ouvertes et que les autorit\u00e9s publiques se mobilisent pour leur autonomie, il est temps de renforcer notre palette de rem\u00e8des et d\u2019ajouter l\u2019interop\u00e9rabilit\u00e9 verticale \u00e0 la gamme des rem\u00e8des envisageables, outre l\u2019interop\u00e9rabilit\u00e9 horizontale et, bien s\u00fbr, la portabilit\u00e9. Il nous faut reprendre la capacit\u00e9 d&rsquo;agir sur des structures qui nous ont absolument tout pris dans leur propre int\u00e9r\u00eat.<\/p>\n\n\n\n<p id=\"ember69\">S\u2019il y a des journalistes par ici, n\u2019h\u00e9sitez pas \u00e0 <a href=\"https:\/\/framaforms.org\/media-briefing-dma-revision-a-momentum-to-reshape-digital-markets-1776718160\">vous inscrire<\/a> pour participer au point presse qui sera organis\u00e9 mardi 28 avril \u00e0 15h. La Commission europ\u00e9enne va publier, \u00e0 la fin de la semaine prochaine, un rapport d&rsquo;\u00e9valuation sur le DMA ainsi qu&rsquo;un rapport sur l&rsquo;interop\u00e9rabilit\u00e9 des r\u00e9seaux sociaux et le sujet devrait \u00eatre abord\u00e9.<\/p>\n\n\n\n<p id=\"ember70\">Merci \u00e0 <a href=\"https:\/\/www.linkedin.com\/in\/taieb-hannah\/\">Hannah Taieb<\/a> et <a href=\"https:\/\/www.linkedin.com\/in\/jeremie-abiteboul-0b16543\/\">Jeremie Abiteboul<\/a> pour le partage. Merci \u00e0 <a href=\"https:\/\/www.linkedin.com\/in\/florine-auboire-79139215a\/\">Florine Auboire<\/a>, <a href=\"https:\/\/www.linkedin.com\/in\/claramclinden\/\">Clara McLinden<\/a>, <a href=\"https:\/\/www.linkedin.com\/in\/l%C3%AA-nguy%C3%AAn-hoang\/\">L\u00ea Nguy\u00ean Hoang<\/a>, <a href=\"https:\/\/www.linkedin.com\/in\/maria-luisa-stasi-a8453931\/\">Maria Luisa Stasi<\/a> et <a href=\"https:\/\/www.linkedin.com\/in\/sebastien-pant-0361a331\/\">Sebastien Pant<\/a> pour la discussion que nous aurons la semaine prochaine \u00e0 ce sujet.<\/p>\n","protected":false},"excerpt":{"rendered":"<p>Pour ses abonn\u00e9s, X a sorti une fonctionnalit\u00e9 que vous pouvez d\u00e9j\u00e0 retrouver depuis longtemps sur Bluesky et pour laquelle on a souvent plaid\u00e9 avec celles et ceux qui ont d\u00e9fendu le pluralisme algorithmique (ping Anne Alombert, S\u00e9bastien Soriano, Marc Faddoul, C\u00e9lia Zolynski et tant d&rsquo;autres ici dans cette tribune)&nbsp;: pouvoir choisir ce que vous [&hellip;]<\/p>\n","protected":false},"author":1,"featured_media":387,"comment_status":"closed","ping_status":"open","sticky":false,"template":"","format":"standard","meta":{"advanced_seo_description":"","jetpack_seo_html_title":"","jetpack_seo_noindex":false,"_jetpack_memberships_contains_paid_content":false,"footnotes":""},"categories":[1],"tags":[],"class_list":["post-386","post","type-post","status-publish","format-standard","has-post-thumbnail","hentry","category-uncategorized"],"jetpack_featured_media_url":"https:\/\/www.jeancattan.fr\/blog\/wp-content\/uploads\/2026\/04\/Capture-decran-2026-04-22-a-19.05.58.png","jetpack_sharing_enabled":true,"_links":{"self":[{"href":"https:\/\/www.jeancattan.fr\/blog\/index.php?rest_route=\/wp\/v2\/posts\/386","targetHints":{"allow":["GET"]}}],"collection":[{"href":"https:\/\/www.jeancattan.fr\/blog\/index.php?rest_route=\/wp\/v2\/posts"}],"about":[{"href":"https:\/\/www.jeancattan.fr\/blog\/index.php?rest_route=\/wp\/v2\/types\/post"}],"author":[{"embeddable":true,"href":"https:\/\/www.jeancattan.fr\/blog\/index.php?rest_route=\/wp\/v2\/users\/1"}],"replies":[{"embeddable":true,"href":"https:\/\/www.jeancattan.fr\/blog\/index.php?rest_route=%2Fwp%2Fv2%2Fcomments&post=386"}],"version-history":[{"count":2,"href":"https:\/\/www.jeancattan.fr\/blog\/index.php?rest_route=\/wp\/v2\/posts\/386\/revisions"}],"predecessor-version":[{"id":389,"href":"https:\/\/www.jeancattan.fr\/blog\/index.php?rest_route=\/wp\/v2\/posts\/386\/revisions\/389"}],"wp:featuredmedia":[{"embeddable":true,"href":"https:\/\/www.jeancattan.fr\/blog\/index.php?rest_route=\/wp\/v2\/media\/387"}],"wp:attachment":[{"href":"https:\/\/www.jeancattan.fr\/blog\/index.php?rest_route=%2Fwp%2Fv2%2Fmedia&parent=386"}],"wp:term":[{"taxonomy":"category","embeddable":true,"href":"https:\/\/www.jeancattan.fr\/blog\/index.php?rest_route=%2Fwp%2Fv2%2Fcategories&post=386"},{"taxonomy":"post_tag","embeddable":true,"href":"https:\/\/www.jeancattan.fr\/blog\/index.php?rest_route=%2Fwp%2Fv2%2Ftags&post=386"}],"curies":[{"name":"wp","href":"https:\/\/api.w.org\/{rel}","templated":true}]}}